[{"@context":"https:\/\/schema.org\/","@type":"Article","@id":"https:\/\/www.bucibar.cz\/skolni-vylety-a-detske-poznani\/#Article","mainEntityOfPage":"https:\/\/www.bucibar.cz\/skolni-vylety-a-detske-poznani\/","headline":"\u0160koln\u00ed v\u00fdlety a d\u011btsk\u00e9 pozn\u00e1n\u00ed","name":"\u0160koln\u00ed v\u00fdlety a d\u011btsk\u00e9 pozn\u00e1n\u00ed","description":"Vys\u00edl\u00e1te d\u00edt\u011b se svou t\u0159\u00eddou na n\u011bjak\u00e9 zaj\u00edmav\u00e9 m\u00edsto a douf\u00e1te, \u017ee se zase n\u011bco nau\u010d\u00ed \u010di pozn\u00e1 n\u011bco nov\u00e9ho? Jakmile se naskytne prvn\u00ed p\u0159\u00edle\u017eitost, vyka\u0161le se na n\u011bjak\u00fd program, sedne si a bude se bavit o tom, co ho zaj\u00edm\u00e1. M\u00e1lokter\u00e9 d\u00edt\u011b se na takov\u00fdch akc\u00edch, by\u0165 by cht\u011blo, vy\u017eije jinak ne\u017e posed\u00e1v\u00e1n\u00edm na [&hellip;]","datePublished":"2018-09-12","dateModified":"2023-04-30","author":{"@type":"Person","@id":"https:\/\/www.bucibar.cz\/author\/#Person","name":"","url":"https:\/\/www.bucibar.cz\/author\/","identifier":1,"image":{"@type":"ImageObject","@id":"https:\/\/secure.gravatar.com\/avatar\/9d25b0af9840660883a67790aa4f595ddc226aa4680c4cf7bc03a25c14fcef85?s=96&d=mm&r=g","url":"https:\/\/secure.gravatar.com\/avatar\/9d25b0af9840660883a67790aa4f595ddc226aa4680c4cf7bc03a25c14fcef85?s=96&d=mm&r=g","height":96,"width":96}},"publisher":{"@type":"Organization","name":"bucibar.cz","logo":{"@type":"ImageObject","@id":"\/logo.png","url":"\/logo.png","width":600,"height":60}},"image":{"@type":"ImageObject","@id":"https:\/\/www.bucibar.cz\/wp-content\/uploads\/img_a324412_w2078_t1536218813.jpg","url":"https:\/\/www.bucibar.cz\/wp-content\/uploads\/img_a324412_w2078_t1536218813.jpg","height":0,"width":0},"url":"https:\/\/www.bucibar.cz\/skolni-vylety-a-detske-poznani\/","wordCount":430,"articleBody":"Vys\u00edl\u00e1te d\u00edt\u011b se svou t\u0159\u00eddou na n\u011bjak\u00e9 zaj\u00edmav\u00e9 m\u00edsto a douf\u00e1te, \u017ee se zase n\u011bco nau\u010d\u00ed \u010di pozn\u00e1 n\u011bco nov\u00e9ho? Jakmile se naskytne prvn\u00ed p\u0159\u00edle\u017eitost, vyka\u0161le se na n\u011bjak\u00fd program, sedne si a bude se bavit o tom, co ho zaj\u00edm\u00e1. M\u00e1lokter\u00e9 d\u00edt\u011b se na takov\u00fdch akc\u00edch, by\u0165 by cht\u011blo, vy\u017eije jinak ne\u017e posed\u00e1v\u00e1n\u00edm na lavi\u010dce se sv\u00fdmi vrstevn\u00edky. D\u016fvod? V\u011bt\u0161inu d\u011bt\u00ed nikdy moc takov\u00e9 v\u00fdlety nezaj\u00edmaj\u00ed. N\u011bkter\u00e9 d\u011bti se neboj\u00ed d\u00e1t najevo, \u017ee je to nebav\u00ed a r\u00e1dy ud\u00e1vaj\u00ed sm\u011br ostatn\u00edm, kte\u0159\u00ed je\u0161t\u011b nejsou rozhodnut\u00ed, jestli je to bav\u00ed nebo ne. Tyto d\u011bti si pak sednou k t\u011bm, kter\u00e9 to nebav\u00ed, aby byly taky takto drsn\u00e9 a nez\u00e1visl\u00e9. Dosp\u011bl\u00e9. Proto\u017ee dosp\u011bl\u00ed p\u0159ece ned\u011blaj\u00ed to, co je nebav\u00ed, \u017ee ano. Probl\u00e9m tedy nen\u00ed v mal\u00e9 nab\u00eddce \u0161koln\u00edch v\u00fdlet\u016f \u2013 o \u010dem\u017e n\u00e1s p\u0159esv\u011bd\u010duje . Ale je to sp\u00ed\u0161 o tom, \u017ee \u0161koly podnikaj\u00ed takov\u00e9 v\u00fdlety, kter\u00e9 d\u011bti moc nebav\u00ed. Je to ale nutn\u00e9, proto\u017ee kdo jin\u00fd je s nimi podnikne? Rodi\u010de nemaj\u00ed \u010das Proto\u017ee rodi\u010de nemaj\u00ed v\u011bt\u0161inou \u010das, d\u00edt\u011b je bu\u010fto se sv\u00fdm dobr\u00fdm kamar\u00e1dem po\u010d\u00edta\u010dem, telefonem nebo televiz\u00ed. Ob\u010das sice jede na \u201evenkov\u201c za babi\u010dkou, to je ale naprost\u00fd vrchol ve\u0161ker\u00e9ho mimo civiliza\u010dn\u00edho vy\u017eit\u00ed. Ne v\u0161echny d\u011bti jsou takov\u00e9, ale valn\u00e1 v\u011bt\u0161ina z nich rad\u011bji vezme to vysed\u00e1v\u00e1n\u00ed a nic ned\u011bl\u00e1n\u00ed ne\u017e n\u011bjak\u00fd aktivn\u00ed z\u00e1jem o sv\u011bt kolem nich. \u010c\u00edm je to zp\u016fsobeno? V prv\u00e9 \u0159ad\u011b on\u00edm nez\u00e1jmem rodi\u010d\u016f, kter\u00fd je \u010dasto v\u00edce ne\u017e zjevn\u00fd. V druh\u00e9 \u0159ad\u011b je to hlavn\u011b \u0161kolsk\u00fdm syst\u00e9mem, kter\u00fd nijak nepodporuje d\u011btskou zv\u00eddavost. B\u011b\u017ete se pod\u00edvat do \u0161kolky \u010di do prvn\u00ed t\u0159\u00eddy a najdete tam spoustu p\u0159irozen\u00fdch v\u011bdc\u016f, kte\u0159\u00ed mo\u017en\u00e1 je\u0161t\u011b v\u00fdlety se \u0161kolou ocen\u00ed. Pak se pod\u00edvejte na d\u011bti v p\u00e1t\u00e9 t\u0159\u00edd\u011b a uvid\u00edte jenom skupinu rozj\u00edven\u00fdch d\u011bt\u00ed, kter\u00e9 nic moc nezaj\u00edm\u00e1 a \u0161kola je nebav\u00ed. Co se stalo tak hrozn\u00e9ho, \u017ee d\u011bti opustila ve\u0161ker\u00fd z\u00e1jem o okoln\u00ed sv\u011bt? \u0160kola, pravd\u011bpodobn\u011b.                                                                                                                                                                                                                                                                                                                                                                                                "},{"@context":"https:\/\/schema.org\/","@type":"BreadcrumbList","itemListElement":[{"@type":"ListItem","position":1,"name":"\u0160koln\u00ed v\u00fdlety a d\u011btsk\u00e9 pozn\u00e1n\u00ed","item":"https:\/\/www.bucibar.cz\/skolni-vylety-a-detske-poznani\/#breadcrumbitem"}]}]