[{"@context":"https:\/\/schema.org\/","@type":"Article","@id":"https:\/\/www.bucibar.cz\/historie-matejske-pouti\/#Article","mainEntityOfPage":"https:\/\/www.bucibar.cz\/historie-matejske-pouti\/","headline":"Historie Mat\u011bjsk\u00e9 pouti","name":"Historie Mat\u011bjsk\u00e9 pouti","description":"V\u00a0dne\u0161n\u00ed dob\u011b je Mat\u011bjsk\u00e1 pou\u0165 u\u017e jen z\u00e1bavn\u00e1 akce s\u00a0mnoha pou\u0165ov\u00fdmi atrakcemi, kter\u00e1 se kon\u00e1 v\u00a0are\u00e1lu V\u00fdstavi\u0161t\u011b v\u00a0Praze \u2013 Hole\u0161ovic\u00edch. V\u017edy za\u010d\u00edn\u00e1 v\u00a0den sv\u00e1tku sv. Mat\u011bje, tedy 24. \u00fanora. Prvn\u00ed p\u00edsemn\u00fd z\u00e1znam o kon\u00e1n\u00ed Mat\u011bjsk\u00e9 pouti je u\u017e z\u00a0roku 1595, kdy se konala pou\u0165 ke kostelu sv. Mat\u011bje a pape\u017e Klement VIII. vyhl\u00e1sil plnomocn\u00e9 odpustky [&hellip;]","datePublished":"2020-09-17","dateModified":"2023-04-30","author":{"@type":"Person","@id":"https:\/\/www.bucibar.cz\/author\/#Person","name":"","url":"https:\/\/www.bucibar.cz\/author\/","identifier":1,"image":{"@type":"ImageObject","@id":"https:\/\/secure.gravatar.com\/avatar\/9d25b0af9840660883a67790aa4f595ddc226aa4680c4cf7bc03a25c14fcef85?s=96&d=mm&r=g","url":"https:\/\/secure.gravatar.com\/avatar\/9d25b0af9840660883a67790aa4f595ddc226aa4680c4cf7bc03a25c14fcef85?s=96&d=mm&r=g","height":96,"width":96}},"publisher":{"@type":"Organization","name":"bucibar.cz","logo":{"@type":"ImageObject","@id":"\/logo.png","url":"\/logo.png","width":600,"height":60}},"image":{"@type":"ImageObject","@id":"https:\/\/www.bucibar.cz\/wp-content\/uploads\/img_a344443_w2783_t1558279288.jpg","url":"https:\/\/www.bucibar.cz\/wp-content\/uploads\/img_a344443_w2783_t1558279288.jpg","height":0,"width":0},"url":"https:\/\/www.bucibar.cz\/historie-matejske-pouti\/","about":["Cestov\u00e1n\u00ed"],"wordCount":413,"articleBody":"V\u00a0dne\u0161n\u00ed dob\u011b je Mat\u011bjsk\u00e1 pou\u0165 u\u017e jen z\u00e1bavn\u00e1 akce s\u00a0mnoha pou\u0165ov\u00fdmi atrakcemi, kter\u00e1 se kon\u00e1 v\u00a0are\u00e1lu V\u00fdstavi\u0161t\u011b v\u00a0Praze \u2013 Hole\u0161ovic\u00edch. V\u017edy za\u010d\u00edn\u00e1 v\u00a0den sv\u00e1tku sv. Mat\u011bje, tedy 24. \u00fanora.Prvn\u00ed p\u00edsemn\u00fd z\u00e1znam o kon\u00e1n\u00ed Mat\u011bjsk\u00e9 pouti je u\u017e z\u00a0roku 1595, kdy se konala pou\u0165 ke kostelu sv. Mat\u011bje a pape\u017e Klement VIII. vyhl\u00e1sil plnomocn\u00e9 odpustky pro poutn\u00edky do tohoto kostela. Krom\u011b roku, kdy prob\u011bhla bitva na B\u00edl\u00e9 ho\u0159e (1620), se u n\u00e1s rozv\u00edjela tradice t\u00e9to velk\u00e9 svatomat\u011bjsk\u00e9 pouti. Na obl\u00edbenosti j\u00ed p\u0159id\u00e1valo tak\u00e9 to, \u017ee je to prvn\u00ed jarn\u00ed pou\u0165 v\u00a0Praze. K\u0159\u00ed\u017eov\u00e1 cesta pouti tenkr\u00e1t za\u010d\u00ednala pobl\u00ed\u017e dne\u0161n\u00ed stanice Hrad\u010dansk\u00e1. B\u011bhem let se za\u010dal prom\u011b\u0148ovat charakter pouti od n\u00e1bo\u017eensk\u00e9ho k\u00a0z\u00e1bavn\u00edmu, co\u017e vedlo ke zv\u00fd\u0161en\u00ed po\u010dtu z\u00e1jemc\u016f a n\u00e1v\u0161t\u011bvn\u00edk\u016f. U\u017e tedy nesta\u010dil prostor p\u0159ed farou kostela a st\u00e1nky s\u00a0pou\u0165ov\u00fdmi atrakcemi se postupn\u011b p\u0159esunuly do prostor dne\u0161n\u00edho V\u00edt\u011bzn\u00e9ho n\u00e1m\u011bst\u00ed. V\u00a0dob\u00e1ch prvn\u00ed republiky pou\u0165 nav\u0161t\u011bvovalo asi \u010dtvrt milionu \u00fa\u010dastn\u00edk\u016f. Pozd\u011bji za\u010dalo \u010cVUT v\u00a0Dejvic\u00edch stav\u011bt dal\u0161\u00ed budovy a pou\u0165 byla tedy v\u00a0roce 1960 p\u0159esunuta na Letnou, pot\u00e9 do Mod\u0159an a B\u0159evnova a od roku 1964 se pravideln\u011b kon\u00e1 na V\u00fdstavi\u0161ti, kde rok od roku nab\u00fdv\u00e1 st\u00e1le v\u011bt\u0161\u00edch rozm\u011br\u016f. Od devades\u00e1t\u00fdch let pou\u0165 ka\u017edoro\u010dn\u011b nav\u0161t\u011bvovalo k\u00a0jednomu milionu lid\u00ed. Pouze v\u00a0posledn\u00edch letech po\u010det n\u00e1v\u0161t\u011bvn\u00edk\u016f klesl na n\u011bjak\u00fdch 700 tis\u00edc lid\u00ed.Dnes se svatomat\u011bjsk\u00e1 pou\u0165 v\u00a0kostele sv. Mat\u011bje slav\u00ed 14. kv\u011btna, podle liturgick\u00e9ho kalend\u00e1\u0159e, kde se sv\u00e1tek Mat\u011bje posunul, kon\u00e1 se tedy v\u00a0jin\u00e9m term\u00ednu, ne\u017e z\u00e1bavn\u00ed \u010d\u00e1st pouti na V\u00fdstavi\u0161ti.B\u011bhem \u0161edes\u00e1t\u00fdch let se organizace Mat\u011bjsk\u00e9 pouti chopil V\u00e1clav Ko\u010dka star\u0161\u00ed, kter\u00fd je tak\u00e9 moment\u00e1ln\u011b asistentem \u0159editele firmy Incheba Praha, kter\u00e1 m\u00e1 are\u00e1l V\u00fdstavi\u0161t\u011b od m\u011bsta Prahy v\u00a0pron\u00e1jmu. Moment\u00e1ln\u011b Mat\u011bjskou pou\u0165 provozuje spole\u010dnost Ko\u010dka s.r.o., jej\u00edm\u017e jednatelem je V\u00e1clav Ko\u010dka mlad\u0161\u00ed.                                                                                                                                                                                                                                                                                                                                                                                                "},{"@context":"https:\/\/schema.org\/","@type":"BreadcrumbList","itemListElement":[{"@type":"ListItem","position":1,"name":"Historie Mat\u011bjsk\u00e9 pouti","item":"https:\/\/www.bucibar.cz\/historie-matejske-pouti\/#breadcrumbitem"}]}]