[{"@context":"https:\/\/schema.org\/","@type":"Article","@id":"https:\/\/www.bucibar.cz\/co-nesmi-chybet-autu\/#Article","mainEntityOfPage":"https:\/\/www.bucibar.cz\/co-nesmi-chybet-autu\/","headline":"Co nesm\u00ed chyb\u011bt autu","name":"Co nesm\u00ed chyb\u011bt autu","description":"Pro zaj\u00edmavost. Auto, kter\u00e9 bylo uvedeno na trh v roce 1959. A bylo jedno z nejobl\u00edben\u011bj\u0161\u00edch automobil\u016f. Tohle auto m\u011blo v\u0161e nap\u0159edu. A kdy\u017e nap\u00ed\u0161u v\u0161e, tak opravdu. Nap\u0159\u00edklad takov\u00fd motor se nach\u00e1z\u00ed p\u0159ed p\u0159edn\u00ed kapotou, ale t\u0159eba i takov\u00e1 p\u0159evodovka. Tohle sv\u00fdm zp\u016fsobem mal\u00e9 auto se vyr\u00e1b\u011blo t\u0159eba v Austr\u00e1lii, v Portugalsku, v It\u00e1lii, [&hellip;]","datePublished":"2022-02-11","dateModified":"2023-04-30","author":{"@type":"Person","@id":"https:\/\/www.bucibar.cz\/author\/#Person","name":"","url":"https:\/\/www.bucibar.cz\/author\/","identifier":1,"image":{"@type":"ImageObject","@id":"https:\/\/secure.gravatar.com\/avatar\/9d25b0af9840660883a67790aa4f595ddc226aa4680c4cf7bc03a25c14fcef85?s=96&d=mm&r=g","url":"https:\/\/secure.gravatar.com\/avatar\/9d25b0af9840660883a67790aa4f595ddc226aa4680c4cf7bc03a25c14fcef85?s=96&d=mm&r=g","height":96,"width":96}},"publisher":{"@type":"Organization","name":"bucibar.cz","logo":{"@type":"ImageObject","@id":"\/logo.png","url":"\/logo.png","width":600,"height":60}},"image":{"@type":"ImageObject","@id":"https:\/\/www.bucibar.cz\/wp-content\/uploads\/tazne-zarizeni-mini-cooper-s-clubman.jpg","url":"https:\/\/www.bucibar.cz\/wp-content\/uploads\/tazne-zarizeni-mini-cooper-s-clubman.jpg","height":0,"width":0},"url":"https:\/\/www.bucibar.cz\/co-nesmi-chybet-autu\/","about":["V\u00fdrobky"],"wordCount":420,"articleBody":"       Pro zaj\u00edmavost.Auto, kter\u00e9 bylo uvedeno na trh v roce 1959. A bylo jedno z nejobl\u00edben\u011bj\u0161\u00edch automobil\u016f. Tohle auto m\u011blo v\u0161e nap\u0159edu. A kdy\u017e nap\u00ed\u0161u v\u0161e, tak opravdu. Nap\u0159\u00edklad takov\u00fd motor se nach\u00e1z\u00ed p\u0159ed p\u0159edn\u00ed kapotou, ale t\u0159eba i takov\u00e1 p\u0159evodovka. Tohle sv\u00fdm zp\u016fsobem mal\u00e9 auto se vyr\u00e1b\u011blo t\u0159eba v Austr\u00e1lii, v Portugalsku, v It\u00e1lii, ale i t\u0159eba ve \u0160pan\u011blsku. Dokonce jich bylo vyrobeno p\u0159es 5 000 000 voz\u016f. Ale jak \u0161la doba do p\u0159edu tak se vyr\u00e1b\u011bli nov\u00e9 modely. T\u0159eba na p\u0159\u00edklad takov\u00fd Miny prvn\u00ed generace(2001). V\u011bd\u011bli jste \u017ee Mini pat\u0159\u00ed pod zna\u010dku BMW? Druh\u00e1 generace Miny p\u0159i\u0161la v roce(2007), ale tohle u\u017e byla evoluce designu, \u0161lo sp\u00ed\u0161e o vzhled ne\u017e o technickou str\u00e1nku. Tyhle automobily zn\u00e1me pod n\u00e1zvem MINI COOPER. M\u016f\u017eete si vybrat hen mezi \u010dty\u0159mi modely. MINI COOPER D &#8211; kter\u00fd m\u00e1 vzn\u011btov\u00fd motorMINI ONE &#8211; z\u00e1kladn\u00ed model MINI COOPER &#8211; kde u\u017e jde o siln\u011bj\u0161\u00ed verzi MINI COOPER S &#8211; jde o nejsiln\u011bj\u0161\u00ed modelAle tomuhle automobilu n\u011bco sch\u00e1z\u00ed. Co by to mohlo b\u00fdt? Kolikr\u00e1t je to opravdu d\u016fle\u017eit\u00e1 sou\u010d\u00e1st auta, pokud tedy budete pot\u0159ebovat t\u0159eba p\u0159ipojit voz\u00edk. Na co voz\u00edk? T\u0159eba se n\u011bkdy budete st\u011bhovat a budete pot\u0159ebovat voz\u00edk, kter\u00fd napln\u00edte n\u00e1bytkem a pak se z ni\u010deho nic div\u00edte, kam ho na sv\u00e9m aut\u011b v\u016fbec zapoj\u00edte. V\u017edy\u0165 vy nem\u00e1te ta\u017en\u00e9. Co v takov\u00e9m p\u0159\u00edpadn\u011b ud\u011bl\u00e1me? No budeme si muset koupit nov\u00e9. Kdy\u017e si nap\u00ed\u0161ete do vyhled\u00e1va\u010de ta\u017en\u00e9 za\u0159\u00edzen\u00ed, vyjede v\u00e1m jich n\u011bkolik. Dokonce i bazarov\u00fdch. Tak budeme cht\u00edt u\u0161et\u0159it a po\u0159\u00edd\u00edme si bazarov\u00e9. Jenom \u017ee m\u00e1me op\u011bt dal\u0161\u00ed probl\u00e9m. Ta\u017en\u00e9 za\u0159\u00edzen\u00ed, kter\u00e9 jsme si po\u0159\u00eddili na bazaru nen\u00ed to spr\u00e1vn\u00e9, i kdy\u017e jsme se o tom n\u011bkolikr\u00e1t nechali informovat. Bohu\u017eel se v tom nevyzn\u00e1te a v\u011b\u0159\u00edte ostatn\u00edm na bazaru. Nenechte se u\u017e p\u0159\u00ed\u0161t\u011b nap\u00e1lit. Ta\u017en\u00e9 za\u0159\u00edzen\u00ed na auto Mini https:\/\/www.amsa.cz\/Mini-36668, m\u016f\u017eete po\u0159\u00eddit p\u0159\u00edmo zde a budete m\u00edt tu pravou jistotu, \u017ee v\u00e1m zcela padne na v\u00e1\u0161 automobil.                                                                                                                                                                                                                                                                                                                                                                                                   "},{"@context":"https:\/\/schema.org\/","@type":"BreadcrumbList","itemListElement":[{"@type":"ListItem","position":1,"name":"Co nesm\u00ed chyb\u011bt autu","item":"https:\/\/www.bucibar.cz\/co-nesmi-chybet-autu\/#breadcrumbitem"}]}]